{"id":40984,"date":"2023-09-02T00:33:22","date_gmt":"2023-09-01T22:33:22","guid":{"rendered":"https:\/\/be.ambaguinee.org\/?p=40984"},"modified":"2023-09-02T00:33:22","modified_gmt":"2023-09-01T22:33:22","slug":"affaire-dame-asmaou-les-deux-magistrats-suspendus-dementent-le-ministre-charles-wright","status":"publish","type":"post","link":"https:\/\/be.ambaguinee.org\/?p=40984","title":{"rendered":"Affaire dame Asmaou: les deux magistrats suspendus d\u00e9mentent le ministre Charles Wright"},"content":{"rendered":"<div>\n<div style=\"margin-bottom:20px;\"><img width=\"1080\" height=\"812\"src=\"https:\/\/i0.wp.com\/mediaguinee.com\/wp-content\/uploads\/2023\/09\/c2656545-a4e6-40c4-a4da-0992ca8c01f0.jpeg?w=1080&amp;ssl=1\" class=\"attachment-post-thumbnail size-post-thumbnail wp-post-image\" alt=\"\" decoding=\"async\" srcset=\"https:\/\/i0.wp.com\/mediaguinee.com\/wp-content\/uploads\/2023\/09\/c2656545-a4e6-40c4-a4da-0992ca8c01f0.jpeg?w=1080&amp;ssl=1 1080w, https:\/\/i0.wp.com\/mediaguinee.com\/wp-content\/uploads\/2023\/09\/c2656545-a4e6-40c4-a4da-0992ca8c01f0.jpeg?resize=300%2C226&amp;ssl=1 300w, https:\/\/i0.wp.com\/mediaguinee.com\/wp-content\/uploads\/2023\/09\/c2656545-a4e6-40c4-a4da-0992ca8c01f0.jpeg?resize=1024%2C770&amp;ssl=1 1024w, https:\/\/i0.wp.com\/mediaguinee.com\/wp-content\/uploads\/2023\/09\/c2656545-a4e6-40c4-a4da-0992ca8c01f0.jpeg?resize=768%2C577&amp;ssl=1 768w, https:\/\/i0.wp.com\/mediaguinee.com\/wp-content\/uploads\/2023\/09\/c2656545-a4e6-40c4-a4da-0992ca8c01f0.jpeg?resize=86%2C64&amp;ssl=1 86w\" sizes=\"(max-width: 1080px) 100vw, 1080px\" data-attachment-id=\"237991\" data-permalink=\"https:\/\/mediaguinee.com\/affaire-dame-asmaou-les-deux-magistrats-suspendus-dementent-le-ministre-charles-wright\/c2656545-a4e6-40c4-a4da-0992ca8c01f0\/\" data-orig-file=\"https:\/\/i0.wp.com\/mediaguinee.com\/wp-content\/uploads\/2023\/09\/c2656545-a4e6-40c4-a4da-0992ca8c01f0.jpeg?fit=1080%2C812&amp;ssl=1\" data-orig-size=\"1080,812\" data-comments-opened=\"1\" data-image-meta='{\"aperture\":\"0\",\"credit\":\"\",\"camera\":\"\",\"caption\":\"\",\"created_timestamp\":\"0\",\"copyright\":\"\",\"focal_length\":\"0\",\"iso\":\"0\",\"shutter_speed\":\"0\",\"title\":\"\",\"orientation\":\"0\"}' data-image-title=\"c2656545-a4e6-40c4-a4da-0992ca8c01f0\" data-image-description=\"\" data-image-caption=\"\" data-medium-file=\"https:\/\/i0.wp.com\/mediaguinee.com\/wp-content\/uploads\/2023\/09\/c2656545-a4e6-40c4-a4da-0992ca8c01f0.jpeg?fit=300%2C226&amp;ssl=1\" data-large-file=\"https:\/\/i0.wp.com\/mediaguinee.com\/wp-content\/uploads\/2023\/09\/c2656545-a4e6-40c4-a4da-0992ca8c01f0.jpeg?fit=1024%2C770&amp;ssl=1\"><\/div>\n<div dir=\"auto\" data-removefontsize=\"true\" data-originalcomputedfontsize=\"16\">L\u2019Association des Magistrats de Guin\u00e9e (AMG) \u00e9tait face \u00e0 la presse, ce vendredi 1er septembre 2023 pour annoncer une s\u00e9rie de manifestations qu\u2019elle compte organiser \u00e0 partir du 07 septembre prochain pour se faire entendre.<\/div>\n<div dir=\"auto\"><\/div>\n<div dir=\"auto\" data-removefontsize=\"true\" data-originalcomputedfontsize=\"16\">\u00c0 cette occasion, les deux magistrats suspendus qui avaient \u00e0 leur charge le dossier de dame Asmaou Diallo contre les h\u00e9ritiers d\u2019Elhadj Abdourahamane Diallo ont pris la parole pour expliquer les conditions de leur suspension.<\/div>\n<div dir=\"auto\"><\/div>\n<div dir=\"auto\" data-removefontsize=\"true\" data-originalcomputedfontsize=\"16\">\n<p>\u00c0 tour de r\u00f4le, le juge du tribunal de premi\u00e8re instance de Lab\u00e9, Moussa Camara et le substitut du procureur de Lab\u00e9, Ce Avis Gamy, tous suspendus ont apport\u00e9 un d\u00e9menti aux propos du ministre de la Justice Alphonse Charles Wright qui les accuse d\u2019avoir enfreint la loi.<\/p>\n<p><iframe loading=\"lazy\" title=\"Affaire dame Asmaou Diallo : le juge Moussa Camara dit tout\u2026\" frameborder=\"0\" width=\"1170\" height=\"658\" src=\"https:\/\/geo.dailymotion.com\/player.html?video=x8nn3u3&amp;\" allowfullscreen allow=\"autoplay; fullscreen; picture-in-picture\"><\/iframe><\/p>\n<p>Dans sa narration, le juge Moussa Camara a d\u00e9clar\u00e9: \u00ab\u00a0Nous avons \u00e9t\u00e9 choqu\u00e9s, on nous demande des comptes \u00e0 rendre par rapport \u00e0 une d\u00e9cision de justice que nous avons rendue. C\u2019est \u00e0 ma grande surprise que le juge Ansoumane tr\u00e8s inqui\u00e9t\u00e9 est pass\u00e9 dans mon bureau que le pr\u00e9sident du tribunal l\u2019a appel\u00e9 que le ministre demande \u00e0 ce que je me pr\u00e9sente le lendemain \u00e0 son cabinet \u00e0 10 heures. C\u2019est entre-temps, l\u2019inspecteur Yaya Kairaba m\u2019a appel\u00e9, il m\u2019a aussi dit que le ministre demande \u00e0 ce que je me pr\u00e9sente \u00e0 son bureau demain \u00e0 10 heures. Faute de quoi, il va me suspendre. Arriv\u00e9 au d\u00e9partement quand je suis rentr\u00e9 avec le pr\u00e9sident du tribunal dans l\u2019ascenseur, a indiqu\u00e9 le juge Moussa Camara.<\/p>\n<\/div>\n<div dir=\"auto\" data-removefontsize=\"true\" data-originalcomputedfontsize=\"16\">\u00ab\u00a0A ma grande surprise la personne que j\u2019ai condamn\u00e9e, madame Asmaou Diallo, nous a rejoints dans l\u2019ascenseur. Contrairement \u00e0 ce qui a \u00e9t\u00e9 dit qu\u2019elle \u00e9tait venue accompagn\u00e9e de son avocat, je vous informe qu\u2019elle n\u2019\u00e9tait pas en compagnie de son avocat. Donc, nous sommes all\u00e9s ensemble jusqu\u2019au 3\u00e8me \u00e9tage. Et, arriv\u00e9s, on a demand\u00e9 \u00e0 ce qu\u2019on parte ensemble dans le bureau de l\u2019inspecteur Yaya Kairaba pour une confrontation. J\u2019ai dit que c\u2019est la derni\u00e8re des choses que je ferai dans ma vie. Apr\u00e8s, je suis all\u00e9 seul voir l\u2019inspecteur g\u00e9n\u00e9ral, qui m\u2019a dit que c\u2019est le ministre Charles qui veut me rencontrer. Je suis rest\u00e9 jusqu\u2019\u00e0 14 heures, le ministre n\u2019est pas venu. Donc, l\u2019inspecteur a appel\u00e9 un haut magistrat pour demander de confier la dame Asmaou au directeur de l\u2019administration p\u00e9nitentiaire, mais de ne pas envoyer la dame en prison. J\u2019ai \u00e9t\u00e9 choqu\u00e9 de la sortie de l\u2019inspecteur Yaya Kairaba qui contribue \u00e0 nous sacrifier en tant que p\u00e8re de famille surtout. La d\u00e9claration de l\u2019inspecteur Yaya Kairaba m\u2019a plus choqu\u00e9 que la d\u00e9cision de suspension du ministre. C\u2019est ainsi, je suis rentr\u00e9 \u00e0\u00a0 Lab\u00e9. Et, on m\u2019a de nouveau appel\u00e9 pour me pr\u00e9senter vendredi, j\u2019ai dit d\u2019accord mais cette fois-ci, il va falloir que vous m\u2019adressiez une convocation. Apr\u00e8s, ils m\u2019ont adress\u00e9 une convocation de me pr\u00e9senter dans les 48heures qui suivent. C\u2019est ainsi nous avons fait une lettre r\u00e9ponse commune avec le procureur Ce Avis Gamy dans laquelle,\u00a0 nous avons demand\u00e9 de nous dire de fa\u00e7on explicite les raisons pour lesquelles nous sommes convoqu\u00e9s et de nous accorder un d\u00e9lai d\u2019une semaine \u00e0 l\u2019effet de pr\u00e9parer notre d\u00e9placement. Mais, \u00e0 notre grande surprise, nous avons trouv\u00e9 nos d\u00e9cisions de suspension sur les r\u00e9seaux sociaux\u00a0\u00bb.<\/div>\n<p>\u00a0<\/p>\n<p><iframe loading=\"lazy\" title=\"Affaire dame Asmaou Diallo : C\u00e9 Avis Gamy brise le silence\" frameborder=\"0\" width=\"1170\" height=\"662\" src=\"https:\/\/geo.dailymotion.com\/player.html?video=x8nn7fa&amp;\" allowfullscreen allow=\"autoplay; fullscreen; picture-in-picture\"><\/iframe><\/p>\n<div dir=\"auto\" data-removefontsize=\"true\" data-originalcomputedfontsize=\"16\">Avant d\u2019\u00eatre rench\u00e9ri, par le procureur, C\u00e9 Avis Gamy qui a dit ceci : \u00ab\u00a0le crime que j\u2019ai commis parce que j\u2019ai ex\u00e9cut\u00e9 une d\u00e9cision de justice, qui est conforme \u00e0 la loi. Et, parce que j\u2019ai demand\u00e9 \u00e0 ce qu\u2019on m\u2019adresse une convocation en bonne et due forme. Quelle que soit la d\u00e9cision du juge, vous \u00eates appel\u00e9 en tant que procureur d\u2019ex\u00e9cuter la d\u00e9cision. C\u2019est clair, personne n\u2019a le pouvoir d\u2019appr\u00e9cier le bien-fond\u00e9 de la d\u00e9cision du juge\u00a0\u00bb.<\/div>\n<div dir=\"auto\"><\/div>\n<div dir=\"auto\"><span data-removefontsize=\"true\" data-originalcomputedfontsize=\"16\">\u00a0<\/span><b data-removefontsize=\"true\" data-originalcomputedfontsize=\"16\">Elisa Camara\u00a0<\/b><\/div>\n<div dir=\"auto\"><b>\u00a0<\/b><\/div>\n<div dir=\"auto\"><b data-removefontsize=\"true\" data-originalcomputedfontsize=\"16\">+224654957322<\/b><\/div>\n<p>L\u2019article <a rel=\"nofollow\" href=\"https:\/\/mediaguinee.com\/affaire-dame-asmaou-les-deux-magistrats-suspendus-dementent-le-ministre-charles-wright\/\">Affaire dame Asmaou: les deux magistrats suspendus d\u00e9mentent le ministre Charles Wright<\/a> est apparu en premier sur <a rel=\"nofollow\" href=\"https:\/\/mediaguinee.com\/\">Mediaguinee.com<\/a>.<\/p>\n<\/div>\n","protected":false},"excerpt":{"rendered":"<p>L\u2019Association des Magistrats de Guin\u00e9e (AMG) \u00e9tait face \u00e0 la presse, ce vendredi 1er septembre 2023 pour annoncer une s\u00e9rie de manifestations qu\u2019elle compte organiser \u00e0 partir du 07 septembre prochain pour se faire entendre. \u00c0 cette occasion, les deux magistrats suspendus qui avaient \u00e0 leur charge le dossier de dame Asmaou Diallo contre les &hellip;<\/p>\n","protected":false},"author":1,"featured_media":0,"comment_status":"closed","ping_status":"closed","sticky":false,"template":"","format":"standard","meta":{"footnotes":""},"categories":[2],"tags":[23],"_links":{"self":[{"href":"https:\/\/be.ambaguinee.org\/index.php?rest_route=\/wp\/v2\/posts\/40984"}],"collection":[{"href":"https:\/\/be.ambaguinee.org\/index.php?rest_route=\/wp\/v2\/posts"}],"about":[{"href":"https:\/\/be.ambaguinee.org\/index.php?rest_route=\/wp\/v2\/types\/post"}],"author":[{"embeddable":true,"href":"https:\/\/be.ambaguinee.org\/index.php?rest_route=\/wp\/v2\/users\/1"}],"replies":[{"embeddable":true,"href":"https:\/\/be.ambaguinee.org\/index.php?rest_route=%2Fwp%2Fv2%2Fcomments&post=40984"}],"version-history":[{"count":0,"href":"https:\/\/be.ambaguinee.org\/index.php?rest_route=\/wp\/v2\/posts\/40984\/revisions"}],"wp:attachment":[{"href":"https:\/\/be.ambaguinee.org\/index.php?rest_route=%2Fwp%2Fv2%2Fmedia&parent=40984"}],"wp:term":[{"taxonomy":"category","embeddable":true,"href":"https:\/\/be.ambaguinee.org\/index.php?rest_route=%2Fwp%2Fv2%2Fcategories&post=40984"},{"taxonomy":"post_tag","embeddable":true,"href":"https:\/\/be.ambaguinee.org\/index.php?rest_route=%2Fwp%2Fv2%2Ftags&post=40984"}],"curies":[{"name":"wp","href":"https:\/\/api.w.org\/{rel}","templated":true}]}}